{"id":12145,"date":"2019-07-16T09:07:24","date_gmt":"2019-07-16T09:07:24","guid":{"rendered":"https:\/\/www.destinazores.com\/pt-pt\/?p=12145"},"modified":"2019-07-16T09:07:24","modified_gmt":"2019-07-16T09:07:24","slug":"mostra-gastronomica-em-agua-retorta","status":"publish","type":"post","link":"https:\/\/www.destinazores.com\/pt-pt\/mostra-gastronomica-em-agua-retorta\/","title":{"rendered":"Mostra Gastron\u00f3mica em \u00c1gua Retorta"},"content":{"rendered":"<p>Esta nona edi\u00e7\u00e3o que pretende dar destaque aos costumes e tradi\u00e7\u00f5es locais, na freguesia \u201cmais pitoresca dos A\u00e7ores\u201d, apresenta-se com um programa bastante abrangente, que alia o poder gastron\u00f3mico a um cartaz cultural diversificado.<\/p>\n<p>A Mostra abrir\u00e1 portas, no dia 18, pelas 19h30, para a cerim\u00f3nia inaugural, no entanto, as barraquinhas com produtos t\u00edpicos abrem logo pelas 19h00, nomeadamente com o famoso queijo de \u00c1gua Retorta, p\u00e3o caseiro, massa sovada, bolo do forno, enchidos, compotas, licores, doces e a t\u00e3o afamada a\u00e7orda de lapas. Mais tarde, a partir das 21h30, a Tuna Acad\u00e9mica \u201cTAUA\u201d, atuar\u00e1, seguindo-se o artista David Rita.<\/p>\n<p>No dia 19, a Mostra abrir\u00e1 a partir das 12h00 para degusta\u00e7\u00e3o, almo\u00e7os e compra dos produtos t\u00edpicos de \u00c1gua Retorta. J\u00e1 pelo fim de tarde (19h30), ter\u00e1 lugar uma cerim\u00f3nia de ced\u00eancia de bens, pertencentes ao Monsenhor Weber Machado, \u00e0 freguesia de \u00c1gua Retorta. De seguida, decorrer\u00e1 um Torneio de Sueca, promovido pelo Clube Desportivo de \u00c1gua Retorta. Depois, pelas 21h30, o Jardim da Casa do Povo, ser\u00e1 palco de mais um Festival de Folclore.<\/p>\n<p><img fetchpriority=\"high\" decoding=\"async\" class=\"alignnone wp-image-12146 size-large\" src=\"https:\/\/www.destinazores.com\/wp-content\/uploads\/2019\/07\/Gastronomia-Agua-Retorta-2-1024x683.jpg\" alt=\"Gastronomia \u00c1gua Retorta\" width=\"1024\" height=\"683\" srcset=\"https:\/\/www.destinazores.com\/wp-content\/uploads\/2019\/07\/Gastronomia-Agua-Retorta-2-1024x683.jpg 1024w, https:\/\/www.destinazores.com\/wp-content\/uploads\/2019\/07\/Gastronomia-Agua-Retorta-2-300x200.jpg 300w, https:\/\/www.destinazores.com\/wp-content\/uploads\/2019\/07\/Gastronomia-Agua-Retorta-2-768x512.jpg 768w, https:\/\/www.destinazores.com\/wp-content\/uploads\/2019\/07\/Gastronomia-Agua-Retorta-2-1200x800.jpg 1200w, https:\/\/www.destinazores.com\/wp-content\/uploads\/2019\/07\/Gastronomia-Agua-Retorta-2.jpg 1500w\" sizes=\"(max-width: 1024px) 100vw, 1024px\" \/><\/p>\n<p>No terceiro dia de Mostra, a manh\u00e3 ser\u00e1 preenchida com a realiza\u00e7\u00e3o do trilho \u201c\u00c1gua Retorta\u201d, onde os participantes poder\u00e3o vislumbrar-se com a natureza desta freguesia, intitulada de \u201cmais pitoresca dos A\u00e7ores\u201d. Pelas 18h30, na Casa do Povo, a Junta de Freguesia ir\u00e1 distinguir os melhores Alunos da freguesia, com a atribui\u00e7\u00e3o de Diplomas de M\u00e9rito. O ser\u00e3o do dia 20 de julho ficar\u00e1 a cargo, pelas 21h30, das Marchas Populares, que ir\u00e3o desfilar pelas principais art\u00e9rias da freguesia, terminando com uma atua\u00e7\u00e3o no Jardim da Casa do Povo local.<\/p>\n<p>No \u00faltimo dia de Mostra Gastron\u00f3mica, a tarde ser\u00e1 preenchida, a partir das 14h30 com Jogos Tradicionais para crian\u00e7as com insufl\u00e1veis e pinturas faciais no campo de futebol, seguidos de uma tarde desportiva. Ao in\u00edcio da noite, pelas 20h00, ir\u00e1 realizar-se um desfile de Carros Aleg\u00f3ricos, alusivo \u00e0s tradi\u00e7\u00f5es e costumes da freguesia. Cada rua ter\u00e1 a seu cargo a ornamenta\u00e7\u00e3o do carro, que posteriormente ir\u00e1 percorrer as principais art\u00e9rias da \u201cmais pitoresca dos A\u00e7ores\u201d. A \u00faltima noite de Mostra, encerra com cantigas ao Desafio e com as \u201cVelhas da Terceira\u201d, com a participa\u00e7\u00e3o dos Cantadores, Jos\u00e9 Eliseu da Ilha Terceira, Raul Barbosa, Tiago Arruda e Paulo Miranda.<\/p>\n<p>O Sal\u00e3o da Casa do Povo da \u201cFreguesia Mais Pitoresca dos A\u00e7ores\u201d ser\u00e1 sobejamente decorado com produtos t\u00edpicos de \u00c1gua Retorta e com pe\u00e7as que ilustram as profiss\u00f5es antigas e caracter\u00edsticas desta freguesia. A harmonizar todo este ambiente, estar\u00e3o ainda em exposi\u00e7\u00e3o e para venda, diversas pe\u00e7as de artesanato, desde rendas, bordados, registos do Senhor Santo Cristo, pres\u00e9pios em lapinhas, instrumentos de corda, elaborados por um artes\u00e3o local, entre outros trabalhos. Este ano estar\u00e3o novamente presentes em exposi\u00e7\u00e3o, algumas esp\u00e9cies end\u00e9micas da \u00e1rea protegida da Tronqueira, na qual a freguesia de \u00c1gua Retorta se insere e produtos da Cooperativa Celeiro da Terra.<\/p>\n","protected":false},"excerpt":{"rendered":"<p>Esta nona edi\u00e7\u00e3o que pretende dar destaque aos costumes e tradi\u00e7\u00f5es locais, na freguesia \u201cmais pitoresca dos A\u00e7ores\u201d, apresenta-se com um programa bastante abrangente, que alia o poder gastron\u00f3mico a um cartaz cultural diversificado. A Mostra abrir\u00e1 portas, no dia 18, pelas 19h30, para a cerim\u00f3nia inaugural, no entanto, as barraquinhas com produtos t\u00edpicos abrem logo pelas 19h00, nomeadamente com &hellip;<\/p>\n","protected":false},"author":1,"featured_media":12148,"comment_status":"closed","ping_status":"open","sticky":false,"template":"","format":"standard","meta":{"ngg_post_thumbnail":0,"footnotes":""},"categories":[151,213,153],"tags":[],"class_list":["post-12145","post","type-post","status-publish","format-standard","has-post-thumbnail","hentry","category-destaques","category-sao-miguel","category-turismo"],"yoast_head":"<!-- This site is optimized with the Yoast SEO plugin v24.9 - https:\/\/yoast.com\/wordpress\/plugins\/seo\/ -->\n<title>Mostra Gastron\u00f3mica em \u00c1gua Retorta - Destinazores<\/title>\n<meta name=\"robots\" content=\"index, follow, max-snippet:-1, max-image-preview:large, max-video-preview:-1\" \/>\n<link rel=\"canonical\" href=\"https:\/\/www.destinazores.com\/pt-pt\/mostra-gastronomica-em-agua-retorta\/\" \/>\n<meta property=\"og:locale\" content=\"pt_PT\" \/>\n<meta property=\"og:type\" content=\"article\" \/>\n<meta property=\"og:title\" content=\"Mostra Gastron\u00f3mica em \u00c1gua Retorta - Destinazores\" \/>\n<meta property=\"og:description\" content=\"Esta nona edi\u00e7\u00e3o que pretende dar destaque aos costumes e tradi\u00e7\u00f5es locais, na freguesia \u201cmais pitoresca dos A\u00e7ores\u201d, apresenta-se com um programa bastante abrangente, que alia o poder gastron\u00f3mico a um cartaz cultural diversificado. A Mostra abrir\u00e1 portas, no dia 18, pelas 19h30, para a cerim\u00f3nia inaugural, no entanto, as barraquinhas com produtos t\u00edpicos abrem logo pelas 19h00, nomeadamente com &hellip;\" \/>\n<meta property=\"og:url\" content=\"https:\/\/www.destinazores.com\/pt-pt\/mostra-gastronomica-em-agua-retorta\/\" \/>\n<meta property=\"og:site_name\" content=\"Destinazores\" \/>\n<meta property=\"article:publisher\" content=\"https:\/\/www.facebook.com\/destinazores\" \/>\n<meta property=\"article:published_time\" content=\"2019-07-16T09:07:24+00:00\" \/>\n<meta property=\"og:image\" content=\"https:\/\/www.destinazores.com\/wp-content\/uploads\/2019\/07\/Gastronomia-Agua-Retorta-1.jpg\" \/>\n\t<meta property=\"og:image:width\" content=\"1489\" \/>\n\t<meta property=\"og:image:height\" content=\"987\" \/>\n\t<meta property=\"og:image:type\" content=\"image\/jpeg\" \/>\n<meta name=\"author\" content=\"viegas\" \/>\n<meta name=\"twitter:card\" content=\"summary_large_image\" \/>\n<meta name=\"twitter:label1\" content=\"Escrito por\" \/>\n\t<meta name=\"twitter:data1\" content=\"viegas\" \/>\n\t<meta name=\"twitter:label2\" content=\"Tempo estimado de leitura\" \/>\n\t<meta name=\"twitter:data2\" content=\"3 minutos\" \/>\n<script type=\"application\/ld+json\" class=\"yoast-schema-graph\">{\"@context\":\"https:\/\/schema.org\",\"@graph\":[{\"@type\":\"Article\",\"@id\":\"https:\/\/www.destinazores.com\/pt-pt\/mostra-gastronomica-em-agua-retorta\/#article\",\"isPartOf\":{\"@id\":\"https:\/\/www.destinazores.com\/pt-pt\/mostra-gastronomica-em-agua-retorta\/\"},\"author\":{\"name\":\"viegas\",\"@id\":\"https:\/\/www.destinazores.com\/en\/#\/schema\/person\/8fa567367fbf407edf19bffed5ea3624\"},\"headline\":\"Mostra Gastron\u00f3mica em \u00c1gua Retorta\",\"datePublished\":\"2019-07-16T09:07:24+00:00\",\"mainEntityOfPage\":{\"@id\":\"https:\/\/www.destinazores.com\/pt-pt\/mostra-gastronomica-em-agua-retorta\/\"},\"wordCount\":527,\"publisher\":{\"@id\":\"https:\/\/www.destinazores.com\/en\/#organization\"},\"image\":{\"@id\":\"https:\/\/www.destinazores.com\/pt-pt\/mostra-gastronomica-em-agua-retorta\/#primaryimage\"},\"thumbnailUrl\":\"https:\/\/www.destinazores.com\/wp-content\/uploads\/2019\/07\/Gastronomia-Agua-Retorta-1.jpg\",\"articleSection\":[\"Destaques\",\"S\u00e3o Miguel\",\"Turismo\"],\"inLanguage\":\"pt-PT\"},{\"@type\":\"WebPage\",\"@id\":\"https:\/\/www.destinazores.com\/pt-pt\/mostra-gastronomica-em-agua-retorta\/\",\"url\":\"https:\/\/www.destinazores.com\/pt-pt\/mostra-gastronomica-em-agua-retorta\/\",\"name\":\"Mostra Gastron\u00f3mica em \u00c1gua Retorta - Destinazores\",\"isPartOf\":{\"@id\":\"https:\/\/www.destinazores.com\/en\/#website\"},\"primaryImageOfPage\":{\"@id\":\"https:\/\/www.destinazores.com\/pt-pt\/mostra-gastronomica-em-agua-retorta\/#primaryimage\"},\"image\":{\"@id\":\"https:\/\/www.destinazores.com\/pt-pt\/mostra-gastronomica-em-agua-retorta\/#primaryimage\"},\"thumbnailUrl\":\"https:\/\/www.destinazores.com\/wp-content\/uploads\/2019\/07\/Gastronomia-Agua-Retorta-1.jpg\",\"datePublished\":\"2019-07-16T09:07:24+00:00\",\"breadcrumb\":{\"@id\":\"https:\/\/www.destinazores.com\/pt-pt\/mostra-gastronomica-em-agua-retorta\/#breadcrumb\"},\"inLanguage\":\"pt-PT\",\"potentialAction\":[{\"@type\":\"ReadAction\",\"target\":[\"https:\/\/www.destinazores.com\/pt-pt\/mostra-gastronomica-em-agua-retorta\/\"]}]},{\"@type\":\"ImageObject\",\"inLanguage\":\"pt-PT\",\"@id\":\"https:\/\/www.destinazores.com\/pt-pt\/mostra-gastronomica-em-agua-retorta\/#primaryimage\",\"url\":\"https:\/\/www.destinazores.com\/wp-content\/uploads\/2019\/07\/Gastronomia-Agua-Retorta-1.jpg\",\"contentUrl\":\"https:\/\/www.destinazores.com\/wp-content\/uploads\/2019\/07\/Gastronomia-Agua-Retorta-1.jpg\",\"width\":1489,\"height\":987,\"caption\":\"Gastronomia \u00c1gua Retorta\"},{\"@type\":\"BreadcrumbList\",\"@id\":\"https:\/\/www.destinazores.com\/pt-pt\/mostra-gastronomica-em-agua-retorta\/#breadcrumb\",\"itemListElement\":[{\"@type\":\"ListItem\",\"position\":1,\"name\":\"In\u00edcio\",\"item\":\"https:\/\/www.destinazores.com\/en\/\"},{\"@type\":\"ListItem\",\"position\":2,\"name\":\"Mostra Gastron\u00f3mica em \u00c1gua Retorta\"}]},{\"@type\":\"WebSite\",\"@id\":\"https:\/\/www.destinazores.com\/en\/#website\",\"url\":\"https:\/\/www.destinazores.com\/en\/\",\"name\":\"Destinazores\",\"description\":\"Um Para\u00edso Natural\",\"publisher\":{\"@id\":\"https:\/\/www.destinazores.com\/en\/#organization\"},\"potentialAction\":[{\"@type\":\"SearchAction\",\"target\":{\"@type\":\"EntryPoint\",\"urlTemplate\":\"https:\/\/www.destinazores.com\/en\/?s={search_term_string}\"},\"query-input\":{\"@type\":\"PropertyValueSpecification\",\"valueRequired\":true,\"valueName\":\"search_term_string\"}}],\"inLanguage\":\"pt-PT\"},{\"@type\":\"Organization\",\"@id\":\"https:\/\/www.destinazores.com\/en\/#organization\",\"name\":\"LGM - Gest\u00e3o de Suportes Publicit\u00e1rios\",\"url\":\"https:\/\/www.destinazores.com\/en\/\",\"logo\":{\"@type\":\"ImageObject\",\"inLanguage\":\"pt-PT\",\"@id\":\"https:\/\/www.destinazores.com\/en\/#\/schema\/logo\/image\/\",\"url\":\"https:\/\/www.destinazores.com\/wp-content\/uploads\/2018\/04\/cropped-favicon.png\",\"contentUrl\":\"https:\/\/www.destinazores.com\/wp-content\/uploads\/2018\/04\/cropped-favicon.png\",\"width\":512,\"height\":512,\"caption\":\"LGM - Gest\u00e3o de Suportes Publicit\u00e1rios\"},\"image\":{\"@id\":\"https:\/\/www.destinazores.com\/en\/#\/schema\/logo\/image\/\"},\"sameAs\":[\"https:\/\/www.facebook.com\/destinazores\",\"https:\/\/www.instagram.com\/destinazoresguide\/\"]},{\"@type\":\"Person\",\"@id\":\"https:\/\/www.destinazores.com\/en\/#\/schema\/person\/8fa567367fbf407edf19bffed5ea3624\",\"name\":\"viegas\",\"image\":{\"@type\":\"ImageObject\",\"inLanguage\":\"pt-PT\",\"@id\":\"https:\/\/www.destinazores.com\/en\/#\/schema\/person\/image\/\",\"url\":\"https:\/\/secure.gravatar.com\/avatar\/6d296af1fa7c703aebdb1a3bd8b4b9a39c266e74fa5dc928a1d67629becfabee?s=96&d=mm&r=g\",\"contentUrl\":\"https:\/\/secure.gravatar.com\/avatar\/6d296af1fa7c703aebdb1a3bd8b4b9a39c266e74fa5dc928a1d67629becfabee?s=96&d=mm&r=g\",\"caption\":\"viegas\"},\"url\":\"https:\/\/www.destinazores.com\/pt-pt\/author\/viegas\/\"}]}<\/script>\n<!-- \/ Yoast SEO plugin. -->","yoast_head_json":{"title":"Mostra Gastron\u00f3mica em \u00c1gua Retorta - Destinazores","robots":{"index":"index","follow":"follow","max-snippet":"max-snippet:-1","max-image-preview":"max-image-preview:large","max-video-preview":"max-video-preview:-1"},"canonical":"https:\/\/www.destinazores.com\/pt-pt\/mostra-gastronomica-em-agua-retorta\/","og_locale":"pt_PT","og_type":"article","og_title":"Mostra Gastron\u00f3mica em \u00c1gua Retorta - Destinazores","og_description":"Esta nona edi\u00e7\u00e3o que pretende dar destaque aos costumes e tradi\u00e7\u00f5es locais, na freguesia \u201cmais pitoresca dos A\u00e7ores\u201d, apresenta-se com um programa bastante abrangente, que alia o poder gastron\u00f3mico a um cartaz cultural diversificado. A Mostra abrir\u00e1 portas, no dia 18, pelas 19h30, para a cerim\u00f3nia inaugural, no entanto, as barraquinhas com produtos t\u00edpicos abrem logo pelas 19h00, nomeadamente com &hellip;","og_url":"https:\/\/www.destinazores.com\/pt-pt\/mostra-gastronomica-em-agua-retorta\/","og_site_name":"Destinazores","article_publisher":"https:\/\/www.facebook.com\/destinazores","article_published_time":"2019-07-16T09:07:24+00:00","og_image":[{"width":1489,"height":987,"url":"https:\/\/www.destinazores.com\/wp-content\/uploads\/2019\/07\/Gastronomia-Agua-Retorta-1.jpg","type":"image\/jpeg"}],"author":"viegas","twitter_card":"summary_large_image","twitter_misc":{"Escrito por":"viegas","Tempo estimado de leitura":"3 minutos"},"schema":{"@context":"https:\/\/schema.org","@graph":[{"@type":"Article","@id":"https:\/\/www.destinazores.com\/pt-pt\/mostra-gastronomica-em-agua-retorta\/#article","isPartOf":{"@id":"https:\/\/www.destinazores.com\/pt-pt\/mostra-gastronomica-em-agua-retorta\/"},"author":{"name":"viegas","@id":"https:\/\/www.destinazores.com\/en\/#\/schema\/person\/8fa567367fbf407edf19bffed5ea3624"},"headline":"Mostra Gastron\u00f3mica em \u00c1gua Retorta","datePublished":"2019-07-16T09:07:24+00:00","mainEntityOfPage":{"@id":"https:\/\/www.destinazores.com\/pt-pt\/mostra-gastronomica-em-agua-retorta\/"},"wordCount":527,"publisher":{"@id":"https:\/\/www.destinazores.com\/en\/#organization"},"image":{"@id":"https:\/\/www.destinazores.com\/pt-pt\/mostra-gastronomica-em-agua-retorta\/#primaryimage"},"thumbnailUrl":"https:\/\/www.destinazores.com\/wp-content\/uploads\/2019\/07\/Gastronomia-Agua-Retorta-1.jpg","articleSection":["Destaques","S\u00e3o Miguel","Turismo"],"inLanguage":"pt-PT"},{"@type":"WebPage","@id":"https:\/\/www.destinazores.com\/pt-pt\/mostra-gastronomica-em-agua-retorta\/","url":"https:\/\/www.destinazores.com\/pt-pt\/mostra-gastronomica-em-agua-retorta\/","name":"Mostra Gastron\u00f3mica em \u00c1gua Retorta - Destinazores","isPartOf":{"@id":"https:\/\/www.destinazores.com\/en\/#website"},"primaryImageOfPage":{"@id":"https:\/\/www.destinazores.com\/pt-pt\/mostra-gastronomica-em-agua-retorta\/#primaryimage"},"image":{"@id":"https:\/\/www.destinazores.com\/pt-pt\/mostra-gastronomica-em-agua-retorta\/#primaryimage"},"thumbnailUrl":"https:\/\/www.destinazores.com\/wp-content\/uploads\/2019\/07\/Gastronomia-Agua-Retorta-1.jpg","datePublished":"2019-07-16T09:07:24+00:00","breadcrumb":{"@id":"https:\/\/www.destinazores.com\/pt-pt\/mostra-gastronomica-em-agua-retorta\/#breadcrumb"},"inLanguage":"pt-PT","potentialAction":[{"@type":"ReadAction","target":["https:\/\/www.destinazores.com\/pt-pt\/mostra-gastronomica-em-agua-retorta\/"]}]},{"@type":"ImageObject","inLanguage":"pt-PT","@id":"https:\/\/www.destinazores.com\/pt-pt\/mostra-gastronomica-em-agua-retorta\/#primaryimage","url":"https:\/\/www.destinazores.com\/wp-content\/uploads\/2019\/07\/Gastronomia-Agua-Retorta-1.jpg","contentUrl":"https:\/\/www.destinazores.com\/wp-content\/uploads\/2019\/07\/Gastronomia-Agua-Retorta-1.jpg","width":1489,"height":987,"caption":"Gastronomia \u00c1gua Retorta"},{"@type":"BreadcrumbList","@id":"https:\/\/www.destinazores.com\/pt-pt\/mostra-gastronomica-em-agua-retorta\/#breadcrumb","itemListElement":[{"@type":"ListItem","position":1,"name":"In\u00edcio","item":"https:\/\/www.destinazores.com\/en\/"},{"@type":"ListItem","position":2,"name":"Mostra Gastron\u00f3mica em \u00c1gua Retorta"}]},{"@type":"WebSite","@id":"https:\/\/www.destinazores.com\/en\/#website","url":"https:\/\/www.destinazores.com\/en\/","name":"Destinazores","description":"Um Para\u00edso Natural","publisher":{"@id":"https:\/\/www.destinazores.com\/en\/#organization"},"potentialAction":[{"@type":"SearchAction","target":{"@type":"EntryPoint","urlTemplate":"https:\/\/www.destinazores.com\/en\/?s={search_term_string}"},"query-input":{"@type":"PropertyValueSpecification","valueRequired":true,"valueName":"search_term_string"}}],"inLanguage":"pt-PT"},{"@type":"Organization","@id":"https:\/\/www.destinazores.com\/en\/#organization","name":"LGM - Gest\u00e3o de Suportes Publicit\u00e1rios","url":"https:\/\/www.destinazores.com\/en\/","logo":{"@type":"ImageObject","inLanguage":"pt-PT","@id":"https:\/\/www.destinazores.com\/en\/#\/schema\/logo\/image\/","url":"https:\/\/www.destinazores.com\/wp-content\/uploads\/2018\/04\/cropped-favicon.png","contentUrl":"https:\/\/www.destinazores.com\/wp-content\/uploads\/2018\/04\/cropped-favicon.png","width":512,"height":512,"caption":"LGM - Gest\u00e3o de Suportes Publicit\u00e1rios"},"image":{"@id":"https:\/\/www.destinazores.com\/en\/#\/schema\/logo\/image\/"},"sameAs":["https:\/\/www.facebook.com\/destinazores","https:\/\/www.instagram.com\/destinazoresguide\/"]},{"@type":"Person","@id":"https:\/\/www.destinazores.com\/en\/#\/schema\/person\/8fa567367fbf407edf19bffed5ea3624","name":"viegas","image":{"@type":"ImageObject","inLanguage":"pt-PT","@id":"https:\/\/www.destinazores.com\/en\/#\/schema\/person\/image\/","url":"https:\/\/secure.gravatar.com\/avatar\/6d296af1fa7c703aebdb1a3bd8b4b9a39c266e74fa5dc928a1d67629becfabee?s=96&d=mm&r=g","contentUrl":"https:\/\/secure.gravatar.com\/avatar\/6d296af1fa7c703aebdb1a3bd8b4b9a39c266e74fa5dc928a1d67629becfabee?s=96&d=mm&r=g","caption":"viegas"},"url":"https:\/\/www.destinazores.com\/pt-pt\/author\/viegas\/"}]}},"_links":{"self":[{"href":"https:\/\/www.destinazores.com\/pt-pt\/wp-json\/wp\/v2\/posts\/12145","targetHints":{"allow":["GET"]}}],"collection":[{"href":"https:\/\/www.destinazores.com\/pt-pt\/wp-json\/wp\/v2\/posts"}],"about":[{"href":"https:\/\/www.destinazores.com\/pt-pt\/wp-json\/wp\/v2\/types\/post"}],"author":[{"embeddable":true,"href":"https:\/\/www.destinazores.com\/pt-pt\/wp-json\/wp\/v2\/users\/1"}],"replies":[{"embeddable":true,"href":"https:\/\/www.destinazores.com\/pt-pt\/wp-json\/wp\/v2\/comments?post=12145"}],"version-history":[{"count":1,"href":"https:\/\/www.destinazores.com\/pt-pt\/wp-json\/wp\/v2\/posts\/12145\/revisions"}],"predecessor-version":[{"id":12150,"href":"https:\/\/www.destinazores.com\/pt-pt\/wp-json\/wp\/v2\/posts\/12145\/revisions\/12150"}],"wp:featuredmedia":[{"embeddable":true,"href":"https:\/\/www.destinazores.com\/pt-pt\/wp-json\/wp\/v2\/media\/12148"}],"wp:attachment":[{"href":"https:\/\/www.destinazores.com\/pt-pt\/wp-json\/wp\/v2\/media?parent=12145"}],"wp:term":[{"taxonomy":"category","embeddable":true,"href":"https:\/\/www.destinazores.com\/pt-pt\/wp-json\/wp\/v2\/categories?post=12145"},{"taxonomy":"post_tag","embeddable":true,"href":"https:\/\/www.destinazores.com\/pt-pt\/wp-json\/wp\/v2\/tags?post=12145"}],"curies":[{"name":"wp","href":"https:\/\/api.w.org\/{rel}","templated":true}]}}