{"id":9284,"date":"2018-11-27T11:50:40","date_gmt":"2018-11-27T11:50:40","guid":{"rendered":"https:\/\/www.destinazores.com\/pt-pt\/?p=9284"},"modified":"2018-11-27T11:51:51","modified_gmt":"2018-11-27T11:51:51","slug":"a-cultura-nos-acores","status":"publish","type":"post","link":"https:\/\/www.destinazores.com\/pt-pt\/a-cultura-nos-acores\/","title":{"rendered":"A cultura nos A\u00e7ores"},"content":{"rendered":"<p><img fetchpriority=\"high\" decoding=\"async\" class=\" wp-image-9287 alignleft\" src=\"https:\/\/www.destinazores.com\/wp-content\/uploads\/2018\/11\/Feira-Quinhentista-14.jpg\" alt=\"\" width=\"296\" height=\"304\" srcset=\"https:\/\/www.destinazores.com\/wp-content\/uploads\/2018\/11\/Feira-Quinhentista-14.jpg 1992w, https:\/\/www.destinazores.com\/wp-content\/uploads\/2018\/11\/Feira-Quinhentista-14-292x300.jpg 292w, https:\/\/www.destinazores.com\/wp-content\/uploads\/2018\/11\/Feira-Quinhentista-14-768x790.jpg 768w, https:\/\/www.destinazores.com\/wp-content\/uploads\/2018\/11\/Feira-Quinhentista-14-996x1024.jpg 996w, https:\/\/www.destinazores.com\/wp-content\/uploads\/2018\/11\/Feira-Quinhentista-14-1200x1234.jpg 1200w, https:\/\/www.destinazores.com\/wp-content\/uploads\/2018\/11\/Feira-Quinhentista-14-1050x1080.jpg 1050w\" sizes=\"(max-width: 296px) 100vw, 296px\" \/>A par dos flamengos, muitos outros habitantes estabeleceram-se nas ilhas a partir de Portugal Continental, trazendo consigo os seus modos de vida e a sua cultura, incluindo a l\u00edngua portuguesa.<\/p>\n<p>Atualmente fala-se o portugu\u00eas em todo o arquip\u00e9lago, com sotaques muito ricos e peculiares, que variam de ilha para ilha.<\/p>\n<p>&nbsp;<\/p>\n<p>Elementos g\u00f3ticos do per\u00edodo inicial da coloniza\u00e7\u00e3o aparecem em algumas igrejas e edif\u00edcios. A arquitetura renascentista e barroca est\u00e1 presente em muitos monumentos a\u00e7orianos. Os la\u00e7os dos A\u00e7ores com a Flandres nos s\u00e9culos XVI e XVII influenciaram a arte nos A\u00e7ores com as suas esculturas.<\/p>\n<p>Festivais culturais s\u00e3o um modo de vida nos A\u00e7ores e os sentimentos religiosos s\u00e3o expressos em celebra\u00e7\u00f5es, como a festa do Esp\u00edrito Santo. Durante a estadia nos A\u00e7ores, o visitante pode desfrutar de festivais de vinho e prociss\u00f5es religiosas e dan\u00e7as folcl\u00f3ricas. A tourada \u00e0 corda \u00e9 uma atividade famosa que se realiza nas pra\u00e7as de v\u00e1rias cidades da ilha Terceira.<\/p>\n","protected":false},"excerpt":{"rendered":"<p>A par dos flamengos, muitos outros habitantes estabeleceram-se nas ilhas a partir de Portugal Continental, trazendo consigo os seus modos de vida e a sua cultura, incluindo a l\u00edngua portuguesa. Atualmente fala-se o portugu\u00eas em todo o arquip\u00e9lago, com sotaques muito ricos e peculiares, que variam de ilha para ilha. &nbsp; Elementos g\u00f3ticos do per\u00edodo inicial da coloniza\u00e7\u00e3o aparecem em &hellip;<\/p>\n","protected":false},"author":1,"featured_media":9285,"comment_status":"closed","ping_status":"open","sticky":false,"template":"","format":"standard","meta":{"ngg_post_thumbnail":0,"footnotes":""},"categories":[151,153],"tags":[],"class_list":["post-9284","post","type-post","status-publish","format-standard","has-post-thumbnail","hentry","category-destaques","category-turismo"],"yoast_head":"<!-- This site is optimized with the Yoast SEO plugin v24.9 - https:\/\/yoast.com\/wordpress\/plugins\/seo\/ -->\n<title>A cultura nos A\u00e7ores - Destinazores<\/title>\n<meta name=\"robots\" content=\"index, follow, max-snippet:-1, max-image-preview:large, max-video-preview:-1\" \/>\n<link rel=\"canonical\" href=\"https:\/\/www.destinazores.com\/pt-pt\/a-cultura-nos-acores\/\" \/>\n<meta property=\"og:locale\" content=\"pt_PT\" \/>\n<meta property=\"og:type\" content=\"article\" \/>\n<meta property=\"og:title\" content=\"A cultura nos A\u00e7ores - Destinazores\" \/>\n<meta property=\"og:description\" content=\"A par dos flamengos, muitos outros habitantes estabeleceram-se nas ilhas a partir de Portugal Continental, trazendo consigo os seus modos de vida e a sua cultura, incluindo a l\u00edngua portuguesa. Atualmente fala-se o portugu\u00eas em todo o arquip\u00e9lago, com sotaques muito ricos e peculiares, que variam de ilha para ilha. &nbsp; Elementos g\u00f3ticos do per\u00edodo inicial da coloniza\u00e7\u00e3o aparecem em &hellip;\" \/>\n<meta property=\"og:url\" content=\"https:\/\/www.destinazores.com\/pt-pt\/a-cultura-nos-acores\/\" \/>\n<meta property=\"og:site_name\" content=\"Destinazores\" \/>\n<meta property=\"article:publisher\" content=\"https:\/\/www.facebook.com\/destinazores\" \/>\n<meta property=\"article:published_time\" content=\"2018-11-27T11:50:40+00:00\" \/>\n<meta property=\"article:modified_time\" content=\"2018-11-27T11:51:51+00:00\" \/>\n<meta property=\"og:image\" content=\"https:\/\/www.destinazores.com\/wp-content\/uploads\/2018\/11\/Feira-Quinhentista-12.jpg\" \/>\n\t<meta property=\"og:image:width\" content=\"2048\" \/>\n\t<meta property=\"og:image:height\" content=\"1152\" \/>\n\t<meta property=\"og:image:type\" content=\"image\/jpeg\" \/>\n<meta name=\"author\" content=\"viegas\" \/>\n<meta name=\"twitter:card\" content=\"summary_large_image\" \/>\n<meta name=\"twitter:label1\" content=\"Escrito por\" \/>\n\t<meta name=\"twitter:data1\" content=\"viegas\" \/>\n\t<meta name=\"twitter:label2\" content=\"Tempo estimado de leitura\" \/>\n\t<meta name=\"twitter:data2\" content=\"1 minuto\" \/>\n<script type=\"application\/ld+json\" class=\"yoast-schema-graph\">{\"@context\":\"https:\/\/schema.org\",\"@graph\":[{\"@type\":\"Article\",\"@id\":\"https:\/\/www.destinazores.com\/pt-pt\/a-cultura-nos-acores\/#article\",\"isPartOf\":{\"@id\":\"https:\/\/www.destinazores.com\/pt-pt\/a-cultura-nos-acores\/\"},\"author\":{\"name\":\"viegas\",\"@id\":\"https:\/\/www.destinazores.com\/en\/#\/schema\/person\/8fa567367fbf407edf19bffed5ea3624\"},\"headline\":\"A cultura nos A\u00e7ores\",\"datePublished\":\"2018-11-27T11:50:40+00:00\",\"dateModified\":\"2018-11-27T11:51:51+00:00\",\"mainEntityOfPage\":{\"@id\":\"https:\/\/www.destinazores.com\/pt-pt\/a-cultura-nos-acores\/\"},\"wordCount\":183,\"publisher\":{\"@id\":\"https:\/\/www.destinazores.com\/en\/#organization\"},\"image\":{\"@id\":\"https:\/\/www.destinazores.com\/pt-pt\/a-cultura-nos-acores\/#primaryimage\"},\"thumbnailUrl\":\"https:\/\/www.destinazores.com\/wp-content\/uploads\/2018\/11\/Feira-Quinhentista-12.jpg\",\"articleSection\":[\"Destaques\",\"Turismo\"],\"inLanguage\":\"pt-PT\"},{\"@type\":\"WebPage\",\"@id\":\"https:\/\/www.destinazores.com\/pt-pt\/a-cultura-nos-acores\/\",\"url\":\"https:\/\/www.destinazores.com\/pt-pt\/a-cultura-nos-acores\/\",\"name\":\"A cultura nos A\u00e7ores - Destinazores\",\"isPartOf\":{\"@id\":\"https:\/\/www.destinazores.com\/en\/#website\"},\"primaryImageOfPage\":{\"@id\":\"https:\/\/www.destinazores.com\/pt-pt\/a-cultura-nos-acores\/#primaryimage\"},\"image\":{\"@id\":\"https:\/\/www.destinazores.com\/pt-pt\/a-cultura-nos-acores\/#primaryimage\"},\"thumbnailUrl\":\"https:\/\/www.destinazores.com\/wp-content\/uploads\/2018\/11\/Feira-Quinhentista-12.jpg\",\"datePublished\":\"2018-11-27T11:50:40+00:00\",\"dateModified\":\"2018-11-27T11:51:51+00:00\",\"breadcrumb\":{\"@id\":\"https:\/\/www.destinazores.com\/pt-pt\/a-cultura-nos-acores\/#breadcrumb\"},\"inLanguage\":\"pt-PT\",\"potentialAction\":[{\"@type\":\"ReadAction\",\"target\":[\"https:\/\/www.destinazores.com\/pt-pt\/a-cultura-nos-acores\/\"]}]},{\"@type\":\"ImageObject\",\"inLanguage\":\"pt-PT\",\"@id\":\"https:\/\/www.destinazores.com\/pt-pt\/a-cultura-nos-acores\/#primaryimage\",\"url\":\"https:\/\/www.destinazores.com\/wp-content\/uploads\/2018\/11\/Feira-Quinhentista-12.jpg\",\"contentUrl\":\"https:\/\/www.destinazores.com\/wp-content\/uploads\/2018\/11\/Feira-Quinhentista-12.jpg\",\"width\":2048,\"height\":1152,\"caption\":\"Feira Quinhentista\"},{\"@type\":\"BreadcrumbList\",\"@id\":\"https:\/\/www.destinazores.com\/pt-pt\/a-cultura-nos-acores\/#breadcrumb\",\"itemListElement\":[{\"@type\":\"ListItem\",\"position\":1,\"name\":\"In\u00edcio\",\"item\":\"https:\/\/www.destinazores.com\/en\/\"},{\"@type\":\"ListItem\",\"position\":2,\"name\":\"A cultura nos A\u00e7ores\"}]},{\"@type\":\"WebSite\",\"@id\":\"https:\/\/www.destinazores.com\/en\/#website\",\"url\":\"https:\/\/www.destinazores.com\/en\/\",\"name\":\"Destinazores\",\"description\":\"Um Para\u00edso Natural\",\"publisher\":{\"@id\":\"https:\/\/www.destinazores.com\/en\/#organization\"},\"potentialAction\":[{\"@type\":\"SearchAction\",\"target\":{\"@type\":\"EntryPoint\",\"urlTemplate\":\"https:\/\/www.destinazores.com\/en\/?s={search_term_string}\"},\"query-input\":{\"@type\":\"PropertyValueSpecification\",\"valueRequired\":true,\"valueName\":\"search_term_string\"}}],\"inLanguage\":\"pt-PT\"},{\"@type\":\"Organization\",\"@id\":\"https:\/\/www.destinazores.com\/en\/#organization\",\"name\":\"LGM - Gest\u00e3o de Suportes Publicit\u00e1rios\",\"url\":\"https:\/\/www.destinazores.com\/en\/\",\"logo\":{\"@type\":\"ImageObject\",\"inLanguage\":\"pt-PT\",\"@id\":\"https:\/\/www.destinazores.com\/en\/#\/schema\/logo\/image\/\",\"url\":\"https:\/\/www.destinazores.com\/wp-content\/uploads\/2018\/04\/cropped-favicon.png\",\"contentUrl\":\"https:\/\/www.destinazores.com\/wp-content\/uploads\/2018\/04\/cropped-favicon.png\",\"width\":512,\"height\":512,\"caption\":\"LGM - Gest\u00e3o de Suportes Publicit\u00e1rios\"},\"image\":{\"@id\":\"https:\/\/www.destinazores.com\/en\/#\/schema\/logo\/image\/\"},\"sameAs\":[\"https:\/\/www.facebook.com\/destinazores\",\"https:\/\/www.instagram.com\/destinazoresguide\/\"]},{\"@type\":\"Person\",\"@id\":\"https:\/\/www.destinazores.com\/en\/#\/schema\/person\/8fa567367fbf407edf19bffed5ea3624\",\"name\":\"viegas\",\"image\":{\"@type\":\"ImageObject\",\"inLanguage\":\"pt-PT\",\"@id\":\"https:\/\/www.destinazores.com\/en\/#\/schema\/person\/image\/\",\"url\":\"https:\/\/secure.gravatar.com\/avatar\/6d296af1fa7c703aebdb1a3bd8b4b9a39c266e74fa5dc928a1d67629becfabee?s=96&d=mm&r=g\",\"contentUrl\":\"https:\/\/secure.gravatar.com\/avatar\/6d296af1fa7c703aebdb1a3bd8b4b9a39c266e74fa5dc928a1d67629becfabee?s=96&d=mm&r=g\",\"caption\":\"viegas\"},\"url\":\"https:\/\/www.destinazores.com\/pt-pt\/author\/viegas\/\"}]}<\/script>\n<!-- \/ Yoast SEO plugin. -->","yoast_head_json":{"title":"A cultura nos A\u00e7ores - Destinazores","robots":{"index":"index","follow":"follow","max-snippet":"max-snippet:-1","max-image-preview":"max-image-preview:large","max-video-preview":"max-video-preview:-1"},"canonical":"https:\/\/www.destinazores.com\/pt-pt\/a-cultura-nos-acores\/","og_locale":"pt_PT","og_type":"article","og_title":"A cultura nos A\u00e7ores - Destinazores","og_description":"A par dos flamengos, muitos outros habitantes estabeleceram-se nas ilhas a partir de Portugal Continental, trazendo consigo os seus modos de vida e a sua cultura, incluindo a l\u00edngua portuguesa. Atualmente fala-se o portugu\u00eas em todo o arquip\u00e9lago, com sotaques muito ricos e peculiares, que variam de ilha para ilha. &nbsp; Elementos g\u00f3ticos do per\u00edodo inicial da coloniza\u00e7\u00e3o aparecem em &hellip;","og_url":"https:\/\/www.destinazores.com\/pt-pt\/a-cultura-nos-acores\/","og_site_name":"Destinazores","article_publisher":"https:\/\/www.facebook.com\/destinazores","article_published_time":"2018-11-27T11:50:40+00:00","article_modified_time":"2018-11-27T11:51:51+00:00","og_image":[{"width":2048,"height":1152,"url":"https:\/\/www.destinazores.com\/wp-content\/uploads\/2018\/11\/Feira-Quinhentista-12.jpg","type":"image\/jpeg"}],"author":"viegas","twitter_card":"summary_large_image","twitter_misc":{"Escrito por":"viegas","Tempo estimado de leitura":"1 minuto"},"schema":{"@context":"https:\/\/schema.org","@graph":[{"@type":"Article","@id":"https:\/\/www.destinazores.com\/pt-pt\/a-cultura-nos-acores\/#article","isPartOf":{"@id":"https:\/\/www.destinazores.com\/pt-pt\/a-cultura-nos-acores\/"},"author":{"name":"viegas","@id":"https:\/\/www.destinazores.com\/en\/#\/schema\/person\/8fa567367fbf407edf19bffed5ea3624"},"headline":"A cultura nos A\u00e7ores","datePublished":"2018-11-27T11:50:40+00:00","dateModified":"2018-11-27T11:51:51+00:00","mainEntityOfPage":{"@id":"https:\/\/www.destinazores.com\/pt-pt\/a-cultura-nos-acores\/"},"wordCount":183,"publisher":{"@id":"https:\/\/www.destinazores.com\/en\/#organization"},"image":{"@id":"https:\/\/www.destinazores.com\/pt-pt\/a-cultura-nos-acores\/#primaryimage"},"thumbnailUrl":"https:\/\/www.destinazores.com\/wp-content\/uploads\/2018\/11\/Feira-Quinhentista-12.jpg","articleSection":["Destaques","Turismo"],"inLanguage":"pt-PT"},{"@type":"WebPage","@id":"https:\/\/www.destinazores.com\/pt-pt\/a-cultura-nos-acores\/","url":"https:\/\/www.destinazores.com\/pt-pt\/a-cultura-nos-acores\/","name":"A cultura nos A\u00e7ores - Destinazores","isPartOf":{"@id":"https:\/\/www.destinazores.com\/en\/#website"},"primaryImageOfPage":{"@id":"https:\/\/www.destinazores.com\/pt-pt\/a-cultura-nos-acores\/#primaryimage"},"image":{"@id":"https:\/\/www.destinazores.com\/pt-pt\/a-cultura-nos-acores\/#primaryimage"},"thumbnailUrl":"https:\/\/www.destinazores.com\/wp-content\/uploads\/2018\/11\/Feira-Quinhentista-12.jpg","datePublished":"2018-11-27T11:50:40+00:00","dateModified":"2018-11-27T11:51:51+00:00","breadcrumb":{"@id":"https:\/\/www.destinazores.com\/pt-pt\/a-cultura-nos-acores\/#breadcrumb"},"inLanguage":"pt-PT","potentialAction":[{"@type":"ReadAction","target":["https:\/\/www.destinazores.com\/pt-pt\/a-cultura-nos-acores\/"]}]},{"@type":"ImageObject","inLanguage":"pt-PT","@id":"https:\/\/www.destinazores.com\/pt-pt\/a-cultura-nos-acores\/#primaryimage","url":"https:\/\/www.destinazores.com\/wp-content\/uploads\/2018\/11\/Feira-Quinhentista-12.jpg","contentUrl":"https:\/\/www.destinazores.com\/wp-content\/uploads\/2018\/11\/Feira-Quinhentista-12.jpg","width":2048,"height":1152,"caption":"Feira Quinhentista"},{"@type":"BreadcrumbList","@id":"https:\/\/www.destinazores.com\/pt-pt\/a-cultura-nos-acores\/#breadcrumb","itemListElement":[{"@type":"ListItem","position":1,"name":"In\u00edcio","item":"https:\/\/www.destinazores.com\/en\/"},{"@type":"ListItem","position":2,"name":"A cultura nos A\u00e7ores"}]},{"@type":"WebSite","@id":"https:\/\/www.destinazores.com\/en\/#website","url":"https:\/\/www.destinazores.com\/en\/","name":"Destinazores","description":"Um Para\u00edso Natural","publisher":{"@id":"https:\/\/www.destinazores.com\/en\/#organization"},"potentialAction":[{"@type":"SearchAction","target":{"@type":"EntryPoint","urlTemplate":"https:\/\/www.destinazores.com\/en\/?s={search_term_string}"},"query-input":{"@type":"PropertyValueSpecification","valueRequired":true,"valueName":"search_term_string"}}],"inLanguage":"pt-PT"},{"@type":"Organization","@id":"https:\/\/www.destinazores.com\/en\/#organization","name":"LGM - Gest\u00e3o de Suportes Publicit\u00e1rios","url":"https:\/\/www.destinazores.com\/en\/","logo":{"@type":"ImageObject","inLanguage":"pt-PT","@id":"https:\/\/www.destinazores.com\/en\/#\/schema\/logo\/image\/","url":"https:\/\/www.destinazores.com\/wp-content\/uploads\/2018\/04\/cropped-favicon.png","contentUrl":"https:\/\/www.destinazores.com\/wp-content\/uploads\/2018\/04\/cropped-favicon.png","width":512,"height":512,"caption":"LGM - Gest\u00e3o de Suportes Publicit\u00e1rios"},"image":{"@id":"https:\/\/www.destinazores.com\/en\/#\/schema\/logo\/image\/"},"sameAs":["https:\/\/www.facebook.com\/destinazores","https:\/\/www.instagram.com\/destinazoresguide\/"]},{"@type":"Person","@id":"https:\/\/www.destinazores.com\/en\/#\/schema\/person\/8fa567367fbf407edf19bffed5ea3624","name":"viegas","image":{"@type":"ImageObject","inLanguage":"pt-PT","@id":"https:\/\/www.destinazores.com\/en\/#\/schema\/person\/image\/","url":"https:\/\/secure.gravatar.com\/avatar\/6d296af1fa7c703aebdb1a3bd8b4b9a39c266e74fa5dc928a1d67629becfabee?s=96&d=mm&r=g","contentUrl":"https:\/\/secure.gravatar.com\/avatar\/6d296af1fa7c703aebdb1a3bd8b4b9a39c266e74fa5dc928a1d67629becfabee?s=96&d=mm&r=g","caption":"viegas"},"url":"https:\/\/www.destinazores.com\/pt-pt\/author\/viegas\/"}]}},"_links":{"self":[{"href":"https:\/\/www.destinazores.com\/pt-pt\/wp-json\/wp\/v2\/posts\/9284","targetHints":{"allow":["GET"]}}],"collection":[{"href":"https:\/\/www.destinazores.com\/pt-pt\/wp-json\/wp\/v2\/posts"}],"about":[{"href":"https:\/\/www.destinazores.com\/pt-pt\/wp-json\/wp\/v2\/types\/post"}],"author":[{"embeddable":true,"href":"https:\/\/www.destinazores.com\/pt-pt\/wp-json\/wp\/v2\/users\/1"}],"replies":[{"embeddable":true,"href":"https:\/\/www.destinazores.com\/pt-pt\/wp-json\/wp\/v2\/comments?post=9284"}],"version-history":[{"count":3,"href":"https:\/\/www.destinazores.com\/pt-pt\/wp-json\/wp\/v2\/posts\/9284\/revisions"}],"predecessor-version":[{"id":9291,"href":"https:\/\/www.destinazores.com\/pt-pt\/wp-json\/wp\/v2\/posts\/9284\/revisions\/9291"}],"wp:featuredmedia":[{"embeddable":true,"href":"https:\/\/www.destinazores.com\/pt-pt\/wp-json\/wp\/v2\/media\/9285"}],"wp:attachment":[{"href":"https:\/\/www.destinazores.com\/pt-pt\/wp-json\/wp\/v2\/media?parent=9284"}],"wp:term":[{"taxonomy":"category","embeddable":true,"href":"https:\/\/www.destinazores.com\/pt-pt\/wp-json\/wp\/v2\/categories?post=9284"},{"taxonomy":"post_tag","embeddable":true,"href":"https:\/\/www.destinazores.com\/pt-pt\/wp-json\/wp\/v2\/tags?post=9284"}],"curies":[{"name":"wp","href":"https:\/\/api.w.org\/{rel}","templated":true}]}}